[{"command":"showMoreTeasers","id":"del--paragraph-40732","content":"\n\n\n\u003Carticle  class=\u0022node node--type--article node--view-mode--teaser\u0022\u003E\n  \u003Ca href=\u0022https:\/\/fachklinik-ruegen.cjd.de\/de\/aktuelles-aus-dem-cjd\/gemeinsam-wurzeln-schlagen\u0022 aria-labelledby=\u0022teaser-7859-title\u0022\u003E\n\n        \u003Cdiv class=\u0022teaser-image\u0022\u003E\n        \u003Cfigure class=\u0022article--teaser-image\u0022\u003E\n        \u003Cpicture\u003E\n                \u003C!--[if IE 9]\u003E\n      \u003Cvideo style=\u0022display: none;\u0022\u003E\u003C![endif]--\u003E\n              \u003Csource srcset=\u0022\/sites\/default\/files\/styles\/img_md_4_3_bp_md\/public\/2026-04\/46973_dsc05188.jpg.webp?h=caf26d13\u0026amp;itok=HfsFNtZ_ 1x\u0022 media=\u0022all and (min-width: 768px) and (max-width: 959px)\u0022 type=\u0022image\/webp\u0022 width=\u0022440\u0022 height=\u0022330\u0022\/\u003E\n              \u003Csource srcset=\u0022\/sites\/default\/files\/styles\/img_md_4_3_bp_lg\/public\/2026-04\/46973_dsc05188.jpg.webp?h=caf26d13\u0026amp;itok=jAV6NBkR 1x\u0022 media=\u0022all and (min-width: 960px) and (max-width: 1439px)\u0022 type=\u0022image\/webp\u0022 width=\u0022656\u0022 height=\u0022492\u0022\/\u003E\n              \u003Csource srcset=\u0022\/sites\/default\/files\/styles\/img_md_4_3_bp_xl\/public\/2026-04\/46973_dsc05188.jpg.webp?h=caf26d13\u0026amp;itok=WGAnjItr 1x\u0022 media=\u0022all and (min-width: 1440px)\u0022 type=\u0022image\/webp\u0022 width=\u0022840\u0022 height=\u0022630\u0022\/\u003E\n            \u003C!--[if IE 9]\u003E\u003C\/video\u003E\u003C![endif]--\u003E\n            \u003Cimg loading=\u0022lazy\u0022 width=\u0022352\u0022 height=\u0022264\u0022 src=\u0022\/sites\/default\/files\/styles\/img_md_4_3_bp_default\/public\/2026-04\/46973_dsc05188.jpg.jpg?h=caf26d13\u0026amp;itok=Dgneq2vr\u0022 \/\u003E\n\n  \u003C\/picture\u003E\n\n\n      \u003C\/figure\u003E\n\n    \u003C\/div\u003E\n\n    \u003Cdiv class=\u0022teaser-content\u0022\u003E\n      \u003Cdiv class=\u0022article-teaser-text\u0022\u003E\n                \n                                        \u003Cdiv id=\u0022teaser-7859-title\u0022\n                 class=\u0022article-headline\u0022\n                 role=\u0022heading\u0022\n                 aria-level=\u00223\u0022\u003E\n              Gemeinsam Wurzeln schlagen\n            \u003C\/div\u003E\n          \n                      \u003Cdiv class=\u0022article-abstract\u0022\u003E\n              \n\n  \u003Cdiv class=\u0022article--teaser-body\u0022\u003E  \u003Cp\u003EEin kleines Apfelb\u00e4umchen ist ein riesiges Dankesch\u00f6n\u003C\/p\u003E\n\n\n\u003C\/div\u003E\n\n            \u003C\/div\u003E\n                        \u003C\/div\u003E\n      \u003Cdiv class=\u0022btn btn-primary\u0022\u003E\n        Mehr anzeigen\n      \u003C\/div\u003E\n\n    \u003C\/div\u003E   \u003C\/a\u003E\n\u003C\/article\u003E\n\n\n\n\u003Carticle  class=\u0022node node--type--article node--view-mode--teaser\u0022\u003E\n  \u003Ca href=\u0022https:\/\/fachklinik-ruegen.cjd.de\/de\/aktuelles-aus-dem-cjd\/neue-spielgeraete-auf-unserem-klinikgelaende-eroeffnet\u0022 aria-labelledby=\u0022teaser-7827-title\u0022\u003E\n\n        \u003Cdiv class=\u0022teaser-image\u0022\u003E\n        \u003Cfigure class=\u0022article--teaser-image\u0022\u003E\n        \u003Cpicture\u003E\n                \u003C!--[if IE 9]\u003E\n      \u003Cvideo style=\u0022display: none;\u0022\u003E\u003C![endif]--\u003E\n              \u003Csource srcset=\u0022\/sites\/default\/files\/styles\/img_md_4_3_bp_md\/public\/2026-04\/46888_dsc04955.jpg.webp?h=caf26d13\u0026amp;itok=fLm4-Dic 1x\u0022 media=\u0022all and (min-width: 768px) and (max-width: 959px)\u0022 type=\u0022image\/webp\u0022 width=\u0022440\u0022 height=\u0022330\u0022\/\u003E\n              \u003Csource srcset=\u0022\/sites\/default\/files\/styles\/img_md_4_3_bp_lg\/public\/2026-04\/46888_dsc04955.jpg.webp?h=caf26d13\u0026amp;itok=GeKmca_K 1x\u0022 media=\u0022all and (min-width: 960px) and (max-width: 1439px)\u0022 type=\u0022image\/webp\u0022 width=\u0022656\u0022 height=\u0022492\u0022\/\u003E\n              \u003Csource srcset=\u0022\/sites\/default\/files\/styles\/img_md_4_3_bp_xl\/public\/2026-04\/46888_dsc04955.jpg.webp?h=caf26d13\u0026amp;itok=ft4UDSDO 1x\u0022 media=\u0022all and (min-width: 1440px)\u0022 type=\u0022image\/webp\u0022 width=\u0022840\u0022 height=\u0022630\u0022\/\u003E\n            \u003C!--[if IE 9]\u003E\u003C\/video\u003E\u003C![endif]--\u003E\n            \u003Cimg loading=\u0022lazy\u0022 width=\u0022352\u0022 height=\u0022264\u0022 src=\u0022\/sites\/default\/files\/styles\/img_md_4_3_bp_default\/public\/2026-04\/46888_dsc04955.jpg.jpg?h=caf26d13\u0026amp;itok=8TKH3C4r\u0022 \/\u003E\n\n  \u003C\/picture\u003E\n\n\n      \u003C\/figure\u003E\n\n    \u003C\/div\u003E\n\n    \u003Cdiv class=\u0022teaser-content\u0022\u003E\n      \u003Cdiv class=\u0022article-teaser-text\u0022\u003E\n                \n                                        \u003Cdiv id=\u0022teaser-7827-title\u0022\n                 class=\u0022article-headline\u0022\n                 role=\u0022heading\u0022\n                 aria-level=\u00223\u0022\u003E\n              Neue Spielger\u00e4te auf unserem Klinikgel\u00e4nde er\u00f6ffnet\n            \u003C\/div\u003E\n          \n                      \u003Cdiv class=\u0022article-abstract\u0022\u003E\n              \n\n  \u003Cdiv class=\u0022article--teaser-body\u0022\u003E  \u003Cp\u003EAm 1. April gab es bei uns einiges zu feiern\u003C\/p\u003E\n\n\n\u003C\/div\u003E\n\n            \u003C\/div\u003E\n                        \u003C\/div\u003E\n      \u003Cdiv class=\u0022btn btn-primary\u0022\u003E\n        Mehr anzeigen\n      \u003C\/div\u003E\n\n    \u003C\/div\u003E   \u003C\/a\u003E\n\u003C\/article\u003E\n\n\n\n\u003Carticle  class=\u0022node node--type--article node--view-mode--teaser\u0022\u003E\n  \u003Ca href=\u0022https:\/\/fachklinik-ruegen.cjd.de\/de\/aktuelles-aus-dem-cjd\/buecherspende-fuer-logopaedie\u0022 aria-labelledby=\u0022teaser-7357-title\u0022\u003E\n\n        \u003Cdiv class=\u0022teaser-image\u0022\u003E\n        \u003Cfigure class=\u0022article--teaser-image\u0022\u003E\n        \u003Cpicture\u003E\n                \u003C!--[if IE 9]\u003E\n      \u003Cvideo style=\u0022display: none;\u0022\u003E\u003C![endif]--\u003E\n              \u003Csource srcset=\u0022\/sites\/default\/files\/styles\/img_md_4_3_bp_md\/public\/2026-03\/45755_dsc04819.jpg.webp?h=caf26d13\u0026amp;itok=uwmDaz2U 1x\u0022 media=\u0022all and (min-width: 768px) and (max-width: 959px)\u0022 type=\u0022image\/webp\u0022 width=\u0022440\u0022 height=\u0022330\u0022\/\u003E\n              \u003Csource srcset=\u0022\/sites\/default\/files\/styles\/img_md_4_3_bp_lg\/public\/2026-03\/45755_dsc04819.jpg.webp?h=caf26d13\u0026amp;itok=t4tXQXgj 1x\u0022 media=\u0022all and (min-width: 960px) and (max-width: 1439px)\u0022 type=\u0022image\/webp\u0022 width=\u0022656\u0022 height=\u0022492\u0022\/\u003E\n              \u003Csource srcset=\u0022\/sites\/default\/files\/styles\/img_md_4_3_bp_xl\/public\/2026-03\/45755_dsc04819.jpg.webp?h=caf26d13\u0026amp;itok=UenBJ7vT 1x\u0022 media=\u0022all and (min-width: 1440px)\u0022 type=\u0022image\/webp\u0022 width=\u0022840\u0022 height=\u0022630\u0022\/\u003E\n            \u003C!--[if IE 9]\u003E\u003C\/video\u003E\u003C![endif]--\u003E\n            \u003Cimg loading=\u0022lazy\u0022 width=\u0022352\u0022 height=\u0022264\u0022 src=\u0022\/sites\/default\/files\/styles\/img_md_4_3_bp_default\/public\/2026-03\/45755_dsc04819.jpg.jpg?h=caf26d13\u0026amp;itok=gsWTwIsV\u0022 \/\u003E\n\n  \u003C\/picture\u003E\n\n\n      \u003C\/figure\u003E\n\n    \u003C\/div\u003E\n\n    \u003Cdiv class=\u0022teaser-content\u0022\u003E\n      \u003Cdiv class=\u0022article-teaser-text\u0022\u003E\n                \n                                        \u003Cdiv id=\u0022teaser-7357-title\u0022\n                 class=\u0022article-headline\u0022\n                 role=\u0022heading\u0022\n                 aria-level=\u00223\u0022\u003E\n              B\u00fccherspende f\u00fcr Logop\u00e4die\n            \u003C\/div\u003E\n          \n                      \u003Cdiv class=\u0022article-abstract\u0022\u003E\n              \n\n  \u003Cdiv class=\u0022article--teaser-body\u0022\u003E  \u003Cp\u003EB\u00fccherspende der Volksbank Vorpommern unterst\u00fctzt die Logop\u00e4die\u003C\/p\u003E\n\n\n\u003C\/div\u003E\n\n            \u003C\/div\u003E\n                        \u003C\/div\u003E\n      \u003Cdiv class=\u0022btn btn-primary\u0022\u003E\n        Mehr anzeigen\n      \u003C\/div\u003E\n\n    \u003C\/div\u003E   \u003C\/a\u003E\n\u003C\/article\u003E\n\n\n\n\u003Carticle  class=\u0022node node--type--article node--view-mode--teaser\u0022\u003E\n  \u003Ca href=\u0022https:\/\/fachklinik-ruegen.cjd.de\/de\/aktuelles-aus-dem-cjd\/handpuppen-spende-fuer-die-therapien\u0022 aria-labelledby=\u0022teaser-6062-title\u0022\u003E\n\n        \u003Cdiv class=\u0022teaser-image\u0022\u003E\n        \u003Cfigure class=\u0022article--teaser-image\u0022\u003E\n        \u003Cpicture\u003E\n                \u003C!--[if IE 9]\u003E\n      \u003Cvideo style=\u0022display: none;\u0022\u003E\u003C![endif]--\u003E\n              \u003Csource srcset=\u0022\/sites\/default\/files\/styles\/img_md_4_3_bp_md\/public\/2025-10\/41127_dsc03778_a.jpg.webp?h=caf26d13\u0026amp;itok=Hc-dNTkA 1x\u0022 media=\u0022all and (min-width: 768px) and (max-width: 959px)\u0022 type=\u0022image\/webp\u0022 width=\u0022440\u0022 height=\u0022330\u0022\/\u003E\n              \u003Csource srcset=\u0022\/sites\/default\/files\/styles\/img_md_4_3_bp_lg\/public\/2025-10\/41127_dsc03778_a.jpg.webp?h=caf26d13\u0026amp;itok=46L7pWoM 1x\u0022 media=\u0022all and (min-width: 960px) and (max-width: 1439px)\u0022 type=\u0022image\/webp\u0022 width=\u0022656\u0022 height=\u0022492\u0022\/\u003E\n              \u003Csource srcset=\u0022\/sites\/default\/files\/styles\/img_md_4_3_bp_xl\/public\/2025-10\/41127_dsc03778_a.jpg.webp?h=caf26d13\u0026amp;itok=_9HfL2YO 1x\u0022 media=\u0022all and (min-width: 1440px)\u0022 type=\u0022image\/webp\u0022 width=\u0022840\u0022 height=\u0022630\u0022\/\u003E\n            \u003C!--[if IE 9]\u003E\u003C\/video\u003E\u003C![endif]--\u003E\n            \u003Cimg loading=\u0022lazy\u0022 width=\u0022352\u0022 height=\u0022264\u0022 src=\u0022\/sites\/default\/files\/styles\/img_md_4_3_bp_default\/public\/2025-10\/41127_dsc03778_a.jpg.jpg?h=caf26d13\u0026amp;itok=UXE1l0Fy\u0022 \/\u003E\n\n  \u003C\/picture\u003E\n\n\n      \u003C\/figure\u003E\n\n    \u003C\/div\u003E\n\n    \u003Cdiv class=\u0022teaser-content\u0022\u003E\n      \u003Cdiv class=\u0022article-teaser-text\u0022\u003E\n                \n                                        \u003Cdiv id=\u0022teaser-6062-title\u0022\n                 class=\u0022article-headline\u0022\n                 role=\u0022heading\u0022\n                 aria-level=\u00223\u0022\u003E\n              Handpuppen-Spende f\u00fcr die Therapien\n            \u003C\/div\u003E\n          \n                      \u003Cdiv class=\u0022article-abstract\u0022\u003E\n              \n\n  \u003Cdiv class=\u0022article--teaser-body\u0022\u003E  \u003Cp\u003EFlauschige Helfer f\u00fcr die Reha\u003C\/p\u003E\n\n\n\u003C\/div\u003E\n\n            \u003C\/div\u003E\n                        \u003C\/div\u003E\n      \u003Cdiv class=\u0022btn btn-primary\u0022\u003E\n        Mehr anzeigen\n      \u003C\/div\u003E\n\n    \u003C\/div\u003E   \u003C\/a\u003E\n\u003C\/article\u003E\n\n\n\n\u003Carticle  class=\u0022node node--type--article node--view-mode--teaser\u0022\u003E\n  \u003Ca href=\u0022https:\/\/fachklinik-ruegen.cjd.de\/de\/aktuelles-aus-dem-cjd\/18-ema-lauf-war-ein-voller-erfolg\u0022 aria-labelledby=\u0022teaser-5963-title\u0022\u003E\n\n        \u003Cdiv class=\u0022teaser-image\u0022\u003E\n        \u003Cfigure class=\u0022article--teaser-image\u0022\u003E\n        \u003Cpicture\u003E\n                \u003C!--[if IE 9]\u003E\n      \u003Cvideo style=\u0022display: none;\u0022\u003E\u003C![endif]--\u003E\n              \u003Csource srcset=\u0022\/sites\/default\/files\/styles\/img_md_4_3_bp_md\/public\/2025-10\/40981_dsc03960.jpg.webp?h=caf26d13\u0026amp;itok=pghV_BTs 1x\u0022 media=\u0022all and (min-width: 768px) and (max-width: 959px)\u0022 type=\u0022image\/webp\u0022 width=\u0022440\u0022 height=\u0022330\u0022\/\u003E\n              \u003Csource srcset=\u0022\/sites\/default\/files\/styles\/img_md_4_3_bp_lg\/public\/2025-10\/40981_dsc03960.jpg.webp?h=caf26d13\u0026amp;itok=9EQLU8Uu 1x\u0022 media=\u0022all and (min-width: 960px) and (max-width: 1439px)\u0022 type=\u0022image\/webp\u0022 width=\u0022656\u0022 height=\u0022492\u0022\/\u003E\n              \u003Csource srcset=\u0022\/sites\/default\/files\/styles\/img_md_4_3_bp_xl\/public\/2025-10\/40981_dsc03960.jpg.webp?h=caf26d13\u0026amp;itok=7q_nCXIr 1x\u0022 media=\u0022all and (min-width: 1440px)\u0022 type=\u0022image\/webp\u0022 width=\u0022840\u0022 height=\u0022630\u0022\/\u003E\n            \u003C!--[if IE 9]\u003E\u003C\/video\u003E\u003C![endif]--\u003E\n            \u003Cimg loading=\u0022lazy\u0022 width=\u0022352\u0022 height=\u0022264\u0022 src=\u0022\/sites\/default\/files\/styles\/img_md_4_3_bp_default\/public\/2025-10\/40981_dsc03960.jpg.jpg?h=caf26d13\u0026amp;itok=TuaLKNN9\u0022 \/\u003E\n\n  \u003C\/picture\u003E\n\n\n      \u003C\/figure\u003E\n\n    \u003C\/div\u003E\n\n    \u003Cdiv class=\u0022teaser-content\u0022\u003E\n      \u003Cdiv class=\u0022article-teaser-text\u0022\u003E\n                \n                                        \u003Cdiv id=\u0022teaser-5963-title\u0022\n                 class=\u0022article-headline\u0022\n                 role=\u0022heading\u0022\n                 aria-level=\u00223\u0022\u003E\n              18. EMA-Lauf war ein voller Erfolg\n            \u003C\/div\u003E\n          \n                      \u003Cdiv class=\u0022article-abstract\u0022\u003E\n              \n\n  \u003Cdiv class=\u0022article--teaser-body\u0022\u003E  \u003Cp\u003E150 Laufbegeisterte, spannende Wettk\u00e4mpfe und ein starkes Gemeinschaftsgef\u00fchl\u003C\/p\u003E\n\n\n\u003C\/div\u003E\n\n            \u003C\/div\u003E\n                        \u003C\/div\u003E\n      \u003Cdiv class=\u0022btn btn-primary\u0022\u003E\n        Mehr anzeigen\n      \u003C\/div\u003E\n\n    \u003C\/div\u003E   \u003C\/a\u003E\n\u003C\/article\u003E\n\n\n\n\u003Carticle  class=\u0022node node--type--article node--view-mode--teaser\u0022\u003E\n  \u003Ca href=\u0022https:\/\/fachklinik-ruegen.cjd.de\/de\/aktuelles-aus-dem-cjd\/18-ernst-moritz-arndt-lauf-steht-vor-der-tuer\u0022 aria-labelledby=\u0022teaser-5931-title\u0022\u003E\n\n        \u003Cdiv class=\u0022teaser-image\u0022\u003E\n        \u003Cfigure class=\u0022article--teaser-image\u0022\u003E\n        \u003Cpicture\u003E\n                \u003C!--[if IE 9]\u003E\n      \u003Cvideo style=\u0022display: none;\u0022\u003E\u003C![endif]--\u003E\n              \u003Csource srcset=\u0022\/sites\/default\/files\/styles\/img_md_4_3_bp_md\/public\/2025-10\/40922_img_8054.jpg.webp?h=71976bb4\u0026amp;itok=TRYBsa8- 1x\u0022 media=\u0022all and (min-width: 768px) and (max-width: 959px)\u0022 type=\u0022image\/webp\u0022 width=\u0022440\u0022 height=\u0022330\u0022\/\u003E\n              \u003Csource srcset=\u0022\/sites\/default\/files\/styles\/img_md_4_3_bp_lg\/public\/2025-10\/40922_img_8054.jpg.webp?h=71976bb4\u0026amp;itok=MXXfjdif 1x\u0022 media=\u0022all and (min-width: 960px) and (max-width: 1439px)\u0022 type=\u0022image\/webp\u0022 width=\u0022656\u0022 height=\u0022492\u0022\/\u003E\n              \u003Csource srcset=\u0022\/sites\/default\/files\/styles\/img_md_4_3_bp_xl\/public\/2025-10\/40922_img_8054.jpg.webp?h=71976bb4\u0026amp;itok=KiaLQmE0 1x\u0022 media=\u0022all and (min-width: 1440px)\u0022 type=\u0022image\/webp\u0022 width=\u0022840\u0022 height=\u0022630\u0022\/\u003E\n            \u003C!--[if IE 9]\u003E\u003C\/video\u003E\u003C![endif]--\u003E\n            \u003Cimg loading=\u0022lazy\u0022 width=\u0022352\u0022 height=\u0022264\u0022 src=\u0022\/sites\/default\/files\/styles\/img_md_4_3_bp_default\/public\/2025-10\/40922_img_8054.jpg.jpg?h=71976bb4\u0026amp;itok=3izFh04i\u0022 \/\u003E\n\n  \u003C\/picture\u003E\n\n\n      \u003C\/figure\u003E\n\n    \u003C\/div\u003E\n\n    \u003Cdiv class=\u0022teaser-content\u0022\u003E\n      \u003Cdiv class=\u0022article-teaser-text\u0022\u003E\n                \n                                        \u003Cdiv id=\u0022teaser-5931-title\u0022\n                 class=\u0022article-headline\u0022\n                 role=\u0022heading\u0022\n                 aria-level=\u00223\u0022\u003E\n              18. Ernst-Moritz-Arndt-Lauf steht vor der T\u00fcr\n            \u003C\/div\u003E\n          \n                      \u003Cdiv class=\u0022article-abstract\u0022\u003E\n              \n\n  \u003Cdiv class=\u0022article--teaser-body\u0022\u003E  \u003Cp\u003EAm 18. Oktober k\u00f6nnen sich L\u00e4uferinnen und L\u00e4ufer sowie Nordic Walkerinnen und Walker aller ...\u003C\/p\u003E\n\n\n\u003C\/div\u003E\n\n            \u003C\/div\u003E\n                        \u003C\/div\u003E\n      \u003Cdiv class=\u0022btn btn-primary\u0022\u003E\n        Mehr anzeigen\n      \u003C\/div\u003E\n\n    \u003C\/div\u003E   \u003C\/a\u003E\n\u003C\/article\u003E\n","entity_type":"node","used_ids":["",7859,7827,7357,6062,5963,5931],"show_more":""}]